{"id":6765,"date":"2016-08-22T09:15:25","date_gmt":"2016-08-22T08:15:25","guid":{"rendered":"https:\/\/blog.truckscout24.com\/de\/?p=6765"},"modified":"2016-08-22T09:15:25","modified_gmt":"2016-08-22T08:15:25","slug":"caravan-salon-duesseldorf-2016","status":"publish","type":"post","link":"https:\/\/blog.truckscout24.com\/de\/markt-zahlen\/caravan-salon-duesseldorf-2016\/","title":{"rendered":"CARAVAN SALON D\u00dcSSELDORF 2016"},"content":{"rendered":"<figure id=\"attachment_6768\" aria-describedby=\"caption-attachment-6768\" style=\"width: 1282px\" class=\"wp-caption alignnone\"><img loading=\"lazy\" decoding=\"async\" class=\"size-full wp-image-6768\" src=\"https:\/\/blog.truckscout24.com\/de\/wp-content\/uploads\/sites\/2\/2016\/08\/CaravanSalonD\u00fcsseldorf15_JV6574.jpg\" alt=\"Foto: Messe Duesseldorf \/ ctillmann\" width=\"1282\" height=\"855\" \/><figcaption id=\"caption-attachment-6768\" class=\"wp-caption-text\">Foto: Messe Duesseldorf \/ ctillmann<\/figcaption><\/figure>\n<h2>Zum 55. Mal \u00f6ffnet der CARAVAN SALON D\u00dcSSELDORF die T\u00fcren: Die gr\u00f6\u00dfte Messe der Welt f\u00fcr Reisemobile und Caravans startet am 27. August und dauert bis 4. September 2016. Und sie w\u00e4chst: um eine zus\u00e4tzliche Halle auf insgesamt zw\u00f6lf Hallen und 210.000 Quadratmeter inklusive des Freigel\u00e4ndes.<\/h2>\n<p><strong>Gr\u00f6\u00dfte Messe der Welt in der Caravaning-Branche<\/strong><\/p>\n<p>Insgesamt 600 nationale und internationale Austeller pr\u00e4sentieren 2.100 Fahrzeuge f\u00fcr den mobilen Urlaub, darunter 130 Caravan- und Reisemobilmarken. Von Reisemobilen und Caravans \u00fcber Basisfahrzeuge, Zubeh\u00f6r, Ausbauteile, Equipment, Campingbusse, Luxusreisemobilen bis hin zu Zelten bietet der CARAVAN SALON D\u00dcSSELDORF alles, was die Herzen von Caravaning-Fans h\u00f6her schlagen l\u00e4sst. Ungef\u00e4hr 160.000 Interessierte besuchen die Messe jedes Jahr und k\u00f6nnen sich auch diesmal aut tolle Messetage freuen.<\/p>\n<p><strong>Steigende Beliebtheit des Camping-Urlaubs<\/strong><\/p>\n<p>Die Branche boomt und die Aussichten f\u00fcr dieses Jahr sind hervorragend. Gerade deshalb haben viele Hersteller der Branche darum gebeten, die Messe zu vergr\u00f6\u00dfern. Im Trend liegen weiterhin kompakte, alltagstaugliche Fahrzeuge wie Van Conversions oder teilintegrierte Reisemobile.<\/p>\n<p><strong>Neuheiten 2017<\/strong><\/p>\n<p>Vor allem aerodynamische Fahrzeuge und Leichtbau-Varianten erwarten die Besucher f\u00fcr das Modelljahr 2017. Intelligente BUS-Systeme lassen zudem Beleuchtung, Klimaanlage etc. \u00fcber einem zentralen Bedienelement steuern. Der Fokus im Innenraum liegt bei den neuen Modellen bei funktionalem Design, intelligenten M\u00f6belvarianten und cleverer Raumaufteilung.<\/p>\n<p><strong>TourNatur<\/strong><\/p>\n<p>Vom 2. bis 4. September findet parallel die TourNatur statt \u2013 Deutschlands einzige Messe f\u00fcr Wandern und Trekking. 275 Austeller pr\u00e4sentieren hier die neuesten Ausr\u00fcstungen f\u00fcr Wandertouren und Outdoor-Aktivit\u00e4ten.<\/p>\n<p>Haben Sie Lust bekommen den CARAVAN SALON D\u00dcSSELDORF zu besuchen? Dann k\u00f6nnen Sie bequem online ein Ticket kaufen, welches zwei Tage lang f\u00fcr die angebende Person g\u00fcltig ist. Karten an der Abendkasse sind einen Euro teurer. Ge\u00f6ffnet ist die Messe von Samstag, den 27. August, bis Sonntag, den 4. September 2016, von 10 bis 18 Uhr.<\/p>\n<p><strong>Das Team von TruckScout24 w\u00fcnscht Ihnen viel Spa\u00df auf der Messe!<\/strong><\/p>\n<p><a href=\"http:\/\/bit.ly\/2bavcep\" target=\"_blank\"><img loading=\"lazy\" decoding=\"async\" class=\"alignnone wp-image-6772 size-full\" src=\"https:\/\/blog.truckscout24.com\/de\/wp-content\/uploads\/sites\/2\/2016\/08\/WohnmobilWohnwagen-Banner.jpg\" alt=\"Wohnmobil&amp;Wohnwagen-Banner\" width=\"646\" height=\"187\" \/><\/a><\/p>\n<p>&nbsp;<\/p>\n","protected":false},"excerpt":{"rendered":"<p>Zum 55. Mal \u00f6ffnet der CARAVAN SALON D\u00dcSSELDORF die T\u00fcren: Die gr\u00f6\u00dfte Messe der Welt f\u00fcr Reisemobile und Caravans startet am 27. August und dauert bis 4. September 2016. Und sie w\u00e4chst: um eine zus\u00e4tzliche Halle auf insgesamt zw\u00f6lf Hallen und 210.000 Quadratmeter inklusive des Freigel\u00e4ndes. Gr\u00f6\u00dfte Messe der Welt in der Caravaning-Branche Insgesamt 600 &hellip; <\/p>\n<p class=\"link-more\"><a href=\"https:\/\/blog.truckscout24.com\/de\/markt-zahlen\/caravan-salon-duesseldorf-2016\/\" class=\"more-link\"><span class=\"screen-reader-text\">\u201eCARAVAN SALON D\u00dcSSELDORF 2016\u201c<\/span> weiterlesen<\/a><\/p>\n","protected":false},"author":22,"featured_media":6767,"comment_status":"closed","ping_status":"closed","sticky":false,"template":"","format":"standard","meta":{"inline_featured_image":false,"footnotes":""},"categories":[4],"tags":[419,418,27,277,378],"class_list":["post-6765","post","type-post","status-publish","format-standard","has-post-thumbnail","hentry","category-markt-zahlen","tag-camping","tag-caravan-salon-duesseldorf","tag-autoscout24-trucks","tag-wohnmobile","tag-wohnwagen"],"yoast_head":"<!-- This site is optimized with the Yoast SEO plugin v18.6 - https:\/\/yoast.com\/wordpress\/plugins\/seo\/ -->\n<title>CARAVAN SALON D\u00dcSSELDORF 2016 - TruckScout24 Blog<\/title>\n<meta name=\"description\" content=\"Zum 55. Mal \u00f6ffnet der CARAVAN SALON D\u00dcSSELDORF die T\u00fcren: Die gr\u00f6\u00dfte Messe der Welt f\u00fcr Reisemobile und Caravans startet am 27. August 2016.\" \/>\n<meta name=\"robots\" content=\"index, follow, max-snippet:-1, max-image-preview:large, max-video-preview:-1\" \/>\n<link rel=\"canonical\" href=\"https:\/\/blog.truckscout24.com\/de\/markt-zahlen\/caravan-salon-duesseldorf-2016\/\" \/>\n<meta name=\"twitter:label1\" content=\"Verfasst von\" \/>\n\t<meta name=\"twitter:data1\" content=\"\" \/>\n\t<meta name=\"twitter:label2\" content=\"Gesch\u00e4tzte Lesezeit\" \/>\n\t<meta name=\"twitter:data2\" content=\"2\u00a0Minuten\" \/>\n<script type=\"application\/ld+json\" class=\"yoast-schema-graph\">{\"@context\":\"https:\/\/schema.org\",\"@graph\":[{\"@type\":\"WebSite\",\"@id\":\"https:\/\/blog.truckscout24.com\/de\/#website\",\"url\":\"https:\/\/blog.truckscout24.com\/de\/\",\"name\":\"TruckScout24 Blog\",\"description\":\"Testberichte, Nachrichten und Tipps rund um das Thema Nutzfahrzeuge und LKW\",\"potentialAction\":[{\"@type\":\"SearchAction\",\"target\":{\"@type\":\"EntryPoint\",\"urlTemplate\":\"https:\/\/blog.truckscout24.com\/de\/?s={search_term_string}\"},\"query-input\":\"required name=search_term_string\"}],\"inLanguage\":\"de\"},{\"@type\":\"ImageObject\",\"@id\":\"https:\/\/blog.truckscout24.com\/de\/markt-zahlen\/caravan-salon-duesseldorf-2016\/#primaryimage\",\"inLanguage\":\"de\",\"url\":\"https:\/\/blog.truckscout24.com\/de\/wp-content\/uploads\/sites\/2\/2016\/08\/CaravanSalon_Logo_01_rgb.jpg\",\"contentUrl\":\"https:\/\/blog.truckscout24.com\/de\/wp-content\/uploads\/sites\/2\/2016\/08\/CaravanSalon_Logo_01_rgb.jpg\",\"width\":827,\"height\":827},{\"@type\":\"WebPage\",\"@id\":\"https:\/\/blog.truckscout24.com\/de\/markt-zahlen\/caravan-salon-duesseldorf-2016\/#webpage\",\"url\":\"https:\/\/blog.truckscout24.com\/de\/markt-zahlen\/caravan-salon-duesseldorf-2016\/\",\"name\":\"CARAVAN SALON D\u00dcSSELDORF 2016 - TruckScout24 Blog\",\"isPartOf\":{\"@id\":\"https:\/\/blog.truckscout24.com\/de\/#website\"},\"primaryImageOfPage\":{\"@id\":\"https:\/\/blog.truckscout24.com\/de\/markt-zahlen\/caravan-salon-duesseldorf-2016\/#primaryimage\"},\"datePublished\":\"2016-08-22T08:15:25+00:00\",\"dateModified\":\"2016-08-22T08:15:25+00:00\",\"author\":{\"@id\":\"\"},\"description\":\"Zum 55. Mal \u00f6ffnet der CARAVAN SALON D\u00dcSSELDORF die T\u00fcren: Die gr\u00f6\u00dfte Messe der Welt f\u00fcr Reisemobile und Caravans startet am 27. August 2016.\",\"breadcrumb\":{\"@id\":\"https:\/\/blog.truckscout24.com\/de\/markt-zahlen\/caravan-salon-duesseldorf-2016\/#breadcrumb\"},\"inLanguage\":\"de\",\"potentialAction\":[{\"@type\":\"ReadAction\",\"target\":[\"https:\/\/blog.truckscout24.com\/de\/markt-zahlen\/caravan-salon-duesseldorf-2016\/\"]}]},{\"@type\":\"BreadcrumbList\",\"@id\":\"https:\/\/blog.truckscout24.com\/de\/markt-zahlen\/caravan-salon-duesseldorf-2016\/#breadcrumb\",\"itemListElement\":[{\"@type\":\"ListItem\",\"position\":1,\"name\":\"Home\",\"item\":\"https:\/\/blog.truckscout24.com\/de\/\"},{\"@type\":\"ListItem\",\"position\":2,\"name\":\"Markt und Zahlen\",\"item\":\"https:\/\/blog.truckscout24.com\/de\/kategorie\/markt-zahlen\/\"},{\"@type\":\"ListItem\",\"position\":3,\"name\":\"CARAVAN SALON D\u00dcSSELDORF 2016\"}]},{\"@type\":\"Person\",\"@id\":\"\",\"url\":\"https:\/\/blog.truckscout24.com\/de\/author\/\"}]}<\/script>\n<!-- \/ Yoast SEO plugin. -->","yoast_head_json":{"title":"CARAVAN SALON D\u00dcSSELDORF 2016 - TruckScout24 Blog","description":"Zum 55. Mal \u00f6ffnet der CARAVAN SALON D\u00dcSSELDORF die T\u00fcren: Die gr\u00f6\u00dfte Messe der Welt f\u00fcr Reisemobile und Caravans startet am 27. August 2016.","robots":{"index":"index","follow":"follow","max-snippet":"max-snippet:-1","max-image-preview":"max-image-preview:large","max-video-preview":"max-video-preview:-1"},"canonical":"https:\/\/blog.truckscout24.com\/de\/markt-zahlen\/caravan-salon-duesseldorf-2016\/","twitter_misc":{"Verfasst von":"","Gesch\u00e4tzte Lesezeit":"2\u00a0Minuten"},"schema":{"@context":"https:\/\/schema.org","@graph":[{"@type":"WebSite","@id":"https:\/\/blog.truckscout24.com\/de\/#website","url":"https:\/\/blog.truckscout24.com\/de\/","name":"TruckScout24 Blog","description":"Testberichte, Nachrichten und Tipps rund um das Thema Nutzfahrzeuge und LKW","potentialAction":[{"@type":"SearchAction","target":{"@type":"EntryPoint","urlTemplate":"https:\/\/blog.truckscout24.com\/de\/?s={search_term_string}"},"query-input":"required name=search_term_string"}],"inLanguage":"de"},{"@type":"ImageObject","@id":"https:\/\/blog.truckscout24.com\/de\/markt-zahlen\/caravan-salon-duesseldorf-2016\/#primaryimage","inLanguage":"de","url":"https:\/\/blog.truckscout24.com\/de\/wp-content\/uploads\/sites\/2\/2016\/08\/CaravanSalon_Logo_01_rgb.jpg","contentUrl":"https:\/\/blog.truckscout24.com\/de\/wp-content\/uploads\/sites\/2\/2016\/08\/CaravanSalon_Logo_01_rgb.jpg","width":827,"height":827},{"@type":"WebPage","@id":"https:\/\/blog.truckscout24.com\/de\/markt-zahlen\/caravan-salon-duesseldorf-2016\/#webpage","url":"https:\/\/blog.truckscout24.com\/de\/markt-zahlen\/caravan-salon-duesseldorf-2016\/","name":"CARAVAN SALON D\u00dcSSELDORF 2016 - TruckScout24 Blog","isPartOf":{"@id":"https:\/\/blog.truckscout24.com\/de\/#website"},"primaryImageOfPage":{"@id":"https:\/\/blog.truckscout24.com\/de\/markt-zahlen\/caravan-salon-duesseldorf-2016\/#primaryimage"},"datePublished":"2016-08-22T08:15:25+00:00","dateModified":"2016-08-22T08:15:25+00:00","author":{"@id":""},"description":"Zum 55. Mal \u00f6ffnet der CARAVAN SALON D\u00dcSSELDORF die T\u00fcren: Die gr\u00f6\u00dfte Messe der Welt f\u00fcr Reisemobile und Caravans startet am 27. August 2016.","breadcrumb":{"@id":"https:\/\/blog.truckscout24.com\/de\/markt-zahlen\/caravan-salon-duesseldorf-2016\/#breadcrumb"},"inLanguage":"de","potentialAction":[{"@type":"ReadAction","target":["https:\/\/blog.truckscout24.com\/de\/markt-zahlen\/caravan-salon-duesseldorf-2016\/"]}]},{"@type":"BreadcrumbList","@id":"https:\/\/blog.truckscout24.com\/de\/markt-zahlen\/caravan-salon-duesseldorf-2016\/#breadcrumb","itemListElement":[{"@type":"ListItem","position":1,"name":"Home","item":"https:\/\/blog.truckscout24.com\/de\/"},{"@type":"ListItem","position":2,"name":"Markt und Zahlen","item":"https:\/\/blog.truckscout24.com\/de\/kategorie\/markt-zahlen\/"},{"@type":"ListItem","position":3,"name":"CARAVAN SALON D\u00dcSSELDORF 2016"}]},{"@type":"Person","@id":"","url":"https:\/\/blog.truckscout24.com\/de\/author\/"}]}},"_links":{"self":[{"href":"https:\/\/blog.truckscout24.com\/de\/wp-json\/wp\/v2\/posts\/6765","targetHints":{"allow":["GET"]}}],"collection":[{"href":"https:\/\/blog.truckscout24.com\/de\/wp-json\/wp\/v2\/posts"}],"about":[{"href":"https:\/\/blog.truckscout24.com\/de\/wp-json\/wp\/v2\/types\/post"}],"author":[{"embeddable":true,"href":"https:\/\/blog.truckscout24.com\/de\/wp-json\/wp\/v2\/users\/22"}],"replies":[{"embeddable":true,"href":"https:\/\/blog.truckscout24.com\/de\/wp-json\/wp\/v2\/comments?post=6765"}],"version-history":[{"count":6,"href":"https:\/\/blog.truckscout24.com\/de\/wp-json\/wp\/v2\/posts\/6765\/revisions"}],"predecessor-version":[{"id":6774,"href":"https:\/\/blog.truckscout24.com\/de\/wp-json\/wp\/v2\/posts\/6765\/revisions\/6774"}],"wp:featuredmedia":[{"embeddable":true,"href":"https:\/\/blog.truckscout24.com\/de\/wp-json\/wp\/v2\/media\/6767"}],"wp:attachment":[{"href":"https:\/\/blog.truckscout24.com\/de\/wp-json\/wp\/v2\/media?parent=6765"}],"wp:term":[{"taxonomy":"category","embeddable":true,"href":"https:\/\/blog.truckscout24.com\/de\/wp-json\/wp\/v2\/categories?post=6765"},{"taxonomy":"post_tag","embeddable":true,"href":"https:\/\/blog.truckscout24.com\/de\/wp-json\/wp\/v2\/tags?post=6765"}],"curies":[{"name":"wp","href":"https:\/\/api.w.org\/{rel}","templated":true}]}}